{"id":1771,"date":"2023-05-08T15:29:27","date_gmt":"2023-05-08T15:29:27","guid":{"rendered":"https:\/\/ortec-management.ch\/?post_type=artikel&#038;p=1771"},"modified":"2023-05-16T15:41:27","modified_gmt":"2023-05-16T15:41:27","slug":"retrospective-de-la-5e-assemblee-generale-reussie-de-la-federation-suisse-des-techniciens-dentistes-a-douanne","status":"publish","type":"artikel","link":"https:\/\/ortec-management.ch\/fr\/artikel\/retrospective-de-la-5e-assemblee-generale-reussie-de-la-federation-suisse-des-techniciens-dentistes-a-douanne\/","title":{"rendered":"R\u00e9trospective de la 5e assembl\u00e9e g\u00e9n\u00e9rale r\u00e9ussie de la F\u00e9d\u00e9ration suisse des techniciens-dentistes \u00e0 Douanne"},"template":"","meta":{"_acf_changed":false},"class_list":["post-1771","artikel","type-artikel","status-publish","hentry"],"acf":[],"_links":{"self":[{"href":"https:\/\/ortec-management.ch\/fr\/wp-json\/wp\/v2\/artikel\/1771","targetHints":{"allow":["GET"]}}],"collection":[{"href":"https:\/\/ortec-management.ch\/fr\/wp-json\/wp\/v2\/artikel"}],"about":[{"href":"https:\/\/ortec-management.ch\/fr\/wp-json\/wp\/v2\/types\/artikel"}],"wp:attachment":[{"href":"https:\/\/ortec-management.ch\/fr\/wp-json\/wp\/v2\/media?parent=1771"}],"curies":[{"name":"wp","href":"https:\/\/api.w.org\/{rel}","templated":true}]}}